{"id":2005,"date":"2022-03-12T15:41:57","date_gmt":"2022-03-12T15:41:57","guid":{"rendered":"https:\/\/piramidihotel.it\/itinerario-il-giro-degli-altopiani-vigolana-folgaria-lavarone-luserna-vezzena\/"},"modified":"2022-06-10T19:10:00","modified_gmt":"2022-06-10T19:10:00","slug":"itinerar-cesta-po-nahornich-plosinach-vigolana-folgaria-lavarone-luserna-vezzena","status":"publish","type":"post","link":"https:\/\/piramidihotel.it\/cs\/itinerar-cesta-po-nahornich-plosinach-vigolana-folgaria-lavarone-luserna-vezzena\/","title":{"rendered":"Itiner\u00e1\u0159 &#8222;cesta po n\u00e1horn\u00edch plo\u0161in\u00e1ch: Vigolana, Folgaria, Lavarone, Luserna, Vezzena&#8220;."},"content":{"rendered":"[vc_row type=&#8220;in_container&#8220; full_screen_row_position=&#8220;middle&#8220; column_margin=&#8220;default&#8220; column_direction=&#8220;default&#8220; column_direction_tablet=&#8220;default&#8220; column_direction_phone=&#8220;default&#8220; scene_position=&#8220;center&#8220; text_color=&#8220;dark&#8220; text_align=&#8220;left&#8220; row_border_radius=&#8220;none&#8220; row_border_radius_applies=&#8220;bg&#8220; overflow=&#8220;visible&#8220; overlay_strength=&#8220;0.3&#8243; gradient_direction=&#8220;left_to_right&#8220; shape_divider_position=&#8220;bottom&#8220; bg_image_animation=&#8220;none&#8220;][vc_column column_padding=&#8220;no-extra-padding&#8220; column_padding_tablet=&#8220;inherit&#8220; column_padding_phone=&#8220;inherit&#8220; column_padding_position=&#8220;all&#8220; column_element_spacing=&#8220;default&#8220; background_color_opacity=&#8220;1&#8243; background_hover_color_opacity=&#8220;1&#8243; column_shadow=&#8220;none&#8220; column_border_radius=&#8220;none&#8220; column_link_target=&#8220;_self&#8220; column_position=&#8220;default&#8220; gradient_direction=&#8220;left_to_right&#8220; overlay_strength=&#8220;0.3&#8243; width=&#8220;1\/4&#8243; tablet_width_inherit=&#8220;default&#8220; tablet_text_alignment=&#8220;default&#8220; phone_text_alignment=&#8220;default&#8220; animation_type=&#8220;default&#8220; bg_image_animation=&#8220;none&#8220; border_type=&#8220;simple&#8220; column_border_width=&#8220;none&#8220; column_border_style=&#8220;solid&#8220;][image_with_animation image_url=&#8220;768&#8243; image_size=&#8220;full&#8220; animation_type=&#8220;entrance&#8220; animation=&#8220;Fade In&#8220; hover_animation=&#8220;none&#8220; alignment=&#8220;&#8220; border_radius=&#8220;none&#8220; box_shadow=&#8220;none&#8220; image_loading=&#8220;default&#8220; max_width=&#8220;100%&#8220; max_width_mobile=&#8220;default&#8220;][vc_column_text]<a href=\"https:\/\/piramidihotel.it\/wp-content\/uploads\/2022\/03\/Cartina-3.pdf\" class=\"mtli_attachment mtli_pdf\">Cartina<\/a>[\/vc_column_text][\/vc_column][vc_column column_padding=&#8220;no-extra-padding&#8220; column_padding_tablet=&#8220;inherit&#8220; column_padding_phone=&#8220;inherit&#8220; column_padding_position=&#8220;all&#8220; column_element_spacing=&#8220;default&#8220; background_color_opacity=&#8220;1&#8243; background_hover_color_opacity=&#8220;1&#8243; column_shadow=&#8220;none&#8220; column_border_radius=&#8220;none&#8220; column_link_target=&#8220;_self&#8220; column_position=&#8220;default&#8220; gradient_direction=&#8220;left_to_right&#8220; overlay_strength=&#8220;0.3&#8243; width=&#8220;3\/4&#8243; tablet_width_inherit=&#8220;default&#8220; tablet_text_alignment=&#8220;default&#8220; phone_text_alignment=&#8220;default&#8220; animation_type=&#8220;default&#8220; bg_image_animation=&#8220;none&#8220; border_type=&#8220;simple&#8220; column_border_width=&#8220;none&#8220; column_border_style=&#8220;solid&#8220;][split_line_heading animation_type=&#8220;line-reveal-by-space&#8220; font_style=&#8220;h2&#8243; line_reveal_by_space_text_effect=&#8220;default&#8220; content_alignment=&#8220;default&#8220; mobile_content_alignment=&#8220;inherit&#8220; link_target=&#8220;_self&#8220; text_content=&#8220;Itiner\u00e1\u0159 &#8222;cesta po n\u00e1horn\u00edch plo\u0161in\u00e1ch: Vigolana, Folgaria, Lavarone, Luserna, Vezzena&#8222;.&#8220;][\/split_line_heading][divider line_type=&#8220;No Line&#8220; custom_height=&#8220;3vh&#8220;][vc_column_text]Celkov\u00e1 d\u00e9lka: 64 km od Levico<\/p>\n<p>Z Levico Terme dojedete do Calceranica (5. km), odkud stoup\u00e1te sm\u011brem na Bosentino po kr\u00e1sn\u00e9 panoramatick\u00e9 silnici s v\u00fdhledem na jezero Caldonazzo. Za Bosentinem se otev\u00edr\u00e1 n\u00e1horn\u00ed plo\u0161ina Vigolana, kter\u00e1 je na jihu ohrani\u010dena masivem Vigolana (m.2150) a na severu Monte Marzola (m.1735). Na k\u0159i\u017eovatce s provin\u010dn\u00ed silnic\u00ed Fricca<\/p>\n<p>odbo\u010dte doleva a po pr\u016fjezdu kolem Vattaro (13. km) stoupejte zalesn\u011bn\u00fdm \u00fadol\u00edm Centa do pr\u016fsmyku Fricca (1 110 m) a dos\u00e1hn\u011bte Carbonare (27. km) a oblasti n\u00e1horn\u00edch plo\u0161in Folgaria, Lavarone a Luserna s charakteristickou zvln\u011bnou krajinou, kde se st\u0159\u00eddaj\u00ed jehli\u010dnat\u00e9 a bukov\u00e9 lesy s rozs\u00e1hl\u00fdmi travnat\u00fdmi plochami. B\u011bhem prvn\u00ed sv\u011btov\u00e9 v\u00e1lky byly n\u00e1horn\u00ed plo\u0161iny d\u011bji\u0161t\u011bm \u010detn\u00fdch st\u0159et\u016f a bitev, o \u010dem\u017e sv\u011bd\u010d\u00ed rakousko-uhersk\u00e9 pevnosti a v\u00e1le\u010dn\u00e9 h\u0159bitovy Slaghenaufi v Bertoldi a Luserna v Costalt\u011b.<\/p>\n<p>V Carbonare odbo\u010dte na Folgarii (km.6,5), letn\u00ed a zimn\u00ed turistick\u00e9 st\u0159edisko s mnoha ly\u017ea\u0159sk\u00fdmi vleky. Kousek za Folgari\u00ed, p\u0159i sjezdu sm\u011brem na Calliano a \u00fadol\u00ed Valle dell&#8217;Adige, se nach\u00e1z\u00ed odbo\u010dka na Guardii, malou vesnici le\u017e\u00edc\u00ed na svaz\u00edch hory Monte Finonchio, kter\u00e1 se vyzna\u010duje n\u00e1st\u011bnn\u00fdmi malbami, p\u0159ev\u00e1\u017en\u011b v naivn\u00edm stylu, je\u017e zdob\u00ed fas\u00e1dy dom\u016f. Zde \u017eil a tvo\u0159il Cirillo Grott, mal\u00ed\u0159, socha\u0159 a b\u00e1sn\u00edk, jeho\u017e d\u016fm-ateli\u00e9r si dnes m\u016f\u017eete prohl\u00e9dnout. Zp\u011bt na st\u00e1tn\u00ed silnici \u010d. 350 sj\u00ed\u017ed\u00edme kolem Mezzomonte di Sopra e di Sotto a Dietrobeseno do Calliana (12. km od Folg\u00e1rie). Zde se napoj\u00edme na st\u00e1tn\u00ed silnici \u010d. 12 vedouc\u00ed do Trenta a dojedeme do Pergine a Levico Terme.[\/vc_column_text][\/vc_column][\/vc_row][vc_row type=&#8220;full_width_content&#8220; full_screen_row_position=&#8220;middle&#8220; column_margin=&#8220;default&#8220; equal_height=&#8220;yes&#8220; column_direction=&#8220;default&#8220; column_direction_tablet=&#8220;default&#8220; column_direction_phone=&#8220;default&#8220; scene_position=&#8220;center&#8220; top_padding=&#8220;5%&#8220; constrain_group_1=&#8220;yes&#8220; bottom_padding=&#8220;5%&#8220; constrain_group_2=&#8220;yes&#8220; text_color=&#8220;dark&#8220; text_align=&#8220;left&#8220; row_border_radius=&#8220;none&#8220; row_border_radius_applies=&#8220;bg&#8220; overflow=&#8220;visible&#8220; advanced_gradient_angle=&#8220;0&#8243; overlay_strength=&#8220;0.3&#8243; gradient_direction=&#8220;left_to_right&#8220; shape_divider_position=&#8220;bottom&#8220; bg_image_animation=&#8220;none&#8220; gradient_type=&#8220;default&#8220; shape_type=&#8220;&#8220;][vc_column column_padding=&#8220;no-extra-padding&#8220; column_padding_tablet=&#8220;inherit&#8220; column_padding_phone=&#8220;inherit&#8220; column_padding_position=&#8220;all&#8220; column_element_spacing=&#8220;default&#8220; background_color_opacity=&#8220;1&#8243; background_hover_color_opacity=&#8220;1&#8243; column_shadow=&#8220;none&#8220; column_border_radius=&#8220;none&#8220; column_link_target=&#8220;_self&#8220; column_position=&#8220;default&#8220; gradient_direction=&#8220;left_to_right&#8220; overlay_strength=&#8220;0.3&#8243; width=&#8220;1\/1&#8243; tablet_width_inherit=&#8220;default&#8220; tablet_text_alignment=&#8220;default&#8220; phone_text_alignment=&#8220;default&#8220; animation_type=&#8220;default&#8220; bg_image_animation=&#8220;none&#8220; border_type=&#8220;simple&#8220; column_border_width=&#8220;none&#8220; column_border_style=&#8220;solid&#8220;][vc_gallery type=&#8220;image_grid&#8220; images=&#8220;755,756,757&#8243; image_grid_loading=&#8220;default&#8220; layout=&#8220;3&#8243; item_spacing=&#8220;default&#8220; gallery_style=&#8220;7&#8243; load_in_animation=&#8220;fade_in_from_bottom&#8220; img_size=&#8220;large&#8220;][\/vc_column][\/vc_row][vc_row type=&#8220;in_container&#8220; full_screen_row_position=&#8220;middle&#8220; column_margin=&#8220;default&#8220; column_direction=&#8220;default&#8220; column_direction_tablet=&#8220;default&#8220; column_direction_phone=&#8220;default&#8220; scene_position=&#8220;center&#8220; text_color=&#8220;dark&#8220; text_align=&#8220;left&#8220; row_border_radius=&#8220;none&#8220; row_border_radius_applies=&#8220;bg&#8220; overflow=&#8220;visible&#8220; overlay_strength=&#8220;0.3&#8243; gradient_direction=&#8220;left_to_right&#8220; shape_divider_position=&#8220;bottom&#8220; bg_image_animation=&#8220;none&#8220;][vc_column column_padding=&#8220;no-extra-padding&#8220; column_padding_tablet=&#8220;inherit&#8220; column_padding_phone=&#8220;inherit&#8220; column_padding_position=&#8220;all&#8220; column_element_spacing=&#8220;default&#8220; background_color_opacity=&#8220;1&#8243; background_hover_color_opacity=&#8220;1&#8243; column_shadow=&#8220;none&#8220; column_border_radius=&#8220;none&#8220; column_link_target=&#8220;_self&#8220; column_position=&#8220;default&#8220; gradient_direction=&#8220;left_to_right&#8220; overlay_strength=&#8220;0.3&#8243; width=&#8220;1\/1&#8243; tablet_width_inherit=&#8220;default&#8220; tablet_text_alignment=&#8220;default&#8220; phone_text_alignment=&#8220;default&#8220; animation_type=&#8220;default&#8220; bg_image_animation=&#8220;none&#8220; border_type=&#8220;simple&#8220; column_border_width=&#8220;none&#8220; column_border_style=&#8220;solid&#8220;][vc_column_text]Pokra\u010dujeme d\u00e1l a dost\u00e1v\u00e1me se k<br \/>\nLavarone (km.32), letn\u00ed a zimn\u00ed turistick\u00e9 centrum, kter\u00e9 se skl\u00e1d\u00e1 z mnoha mal\u00fdch vesni\u010dek, je\u017e nesou jm\u00e9na star\u00fdch rod\u016f, kter\u00e9 je ob\u00fdvaly. V bl\u00edzkosti vesnice Chiesa se nach\u00e1z\u00ed jezero Lavarone. Nedaleko vesni\u010dky Cappella se nach\u00e1z\u00ed Forte Belvedere. Pevnost, v n\u00ed\u017e je nyn\u00ed muzeum, stoj\u00ed za n\u00e1v\u0161t\u011bvu.<\/p>\n<p>Na k\u0159i\u017eovatce Monterovere silnice stoup\u00e1 doprava a po 6 km vede do Luserny (1 333 m), jazykov\u00e9ho ostrova, kde se mluv\u00ed starov\u011bk\u00fdm cimbursk\u00fdm idiomem, st\u0159edov\u011bk\u00fdm germ\u00e1nsk\u00fdm jazykem.<\/p>\n<p>Pokra\u010dujeme p\u0159es pastviny a lesy a\u017e k&#8230;<br \/>\nPasso V\u00e9zzena (km.43) m.1.417, kde se otev\u00edr\u00e1 nekone\u010dn\u00e1 plocha pastvin a les\u016f stejnojmenn\u00e9 n\u00e1horn\u00ed plo\u0161iny, poset\u00e9 malghe pro letn\u00ed pastvu dobytka. Vyr\u00e1b\u011bj\u00ed se zde proslul\u00e9 ml\u00e9\u010dn\u00e9 v\u00fdrobky v\u010detn\u011b s\u00fdra &#8222;Vezzena&#8220;. V zim\u011b nab\u00edz\u00ed oblast nespo\u010det b\u011b\u017eka\u0159sk\u00fdch tras a tras pro v\u00fdlety na sn\u011b\u017enic\u00edch. Je mo\u017en\u00e9 se vydat na Cima Vezzena (m.1908), zn\u00e1mou tak\u00e9 jako Pizzo di Levico, a na Cima Manderiolo (m.2051).<\/p>\n<p>Do Levico Terme je mo\u017en\u00e9 se vr\u00e1tit stejnou cestou nebo se vr\u00e1tit na k\u0159i\u017eovatku Monterovere (km 46) a sjet po provin\u010dn\u00ed silnici Monterovere, zn\u00e1m\u00e9 tak\u00e9 jako &#8222;Menador&#8220;, &#8222;Pegolara&#8220; nebo &#8222;Kaiserj\u00e4gerweg&#8220;. Jedn\u00e1 se o vojenskou cestu z prvn\u00ed sv\u011btov\u00e9 v\u00e1lky. Cesta, kter\u00e1 se sva\u017euje ve vl\u00e1senkov\u00fdch zat\u00e1\u010dk\u00e1ch, je na n\u011bkter\u00fdch m\u00edstech \u00fazk\u00e1 a prudce se sva\u017euje, je zabudovan\u00e1 do sk\u00e1ly, a proto se nedoporu\u010duje osob\u00e1m trp\u00edc\u00edm z\u00e1vrat\u011bmi. Dojedeme do Caldonazza (km 61) a pot\u00e9 do Levico Terme (km 64).<\/p>\n<p>N\u00e1v\u0161t\u011bva:<\/p>\n<p>v Lavarone, muzeum Forte Gschwent-Belvedere<br \/>\notev\u0159eno od dubna do \u0159\u00edjna od 9.30 do 18.30, zav\u0159eno v pond\u011bl\u00ed krom\u011b \u010dervence a srpna, informace APT of Lavarone tel.0464 783226<\/p>\n<p>v Lusern\u011b, Cimbursk\u00fd d\u016fm &#8222;Haus von Pr\u00fckk&#8220;<br \/>\npro informace Istituto Culturale Mocheno Cimbro tel.0464 789645<\/p>\n<p>in Guardia di Folgaria, House Museum Grott<br \/>\ntel.0464 721638 &#8211; 720190[\/vc_column_text][\/vc_column][\/vc_row]\n","protected":false},"excerpt":{"rendered":"<p>[vc_row type=&#8220;in_container&#8220; full_screen_row_position=&#8220;middle&#8220; column_margin=&#8220;default&#8220; column_direction=&#8220;default&#8220; column_direction_tablet=&#8220;default&#8220; column_direction_phone=&#8220;default&#8220; scene_position=&#8220;center&#8220; text_color=&#8220;dark&#8220; text_align=&#8220;left&#8220; row_border_radius=&#8220;none&#8220; row_border_radius_applies=&#8220;bg&#8220; overflow=&#8220;visible&#8220; overlay_strength=&#8220;0.3&#8243; gradient_direction=&#8220;left_to_right&#8220; shape_divider_position=&#8220;bottom&#8220; bg_image_animation=&#8220;none&#8220;][vc_column column_padding=&#8220;no-extra-padding&#8220; column_padding_tablet=&#8220;inherit&#8220; column_padding_phone=&#8220;inherit&#8220; column_padding_position=&#8220;all&#8220; column_element_spacing=&#8220;default&#8220; background_color_opacity=&#8220;1&#8243; background_hover_color_opacity=&#8220;1&#8243; column_shadow=&#8220;none&#8220; column_border_radius=&#8220;none&#8220; column_link_target=&#8220;_self&#8220; column_position=&#8220;default&#8220; gradient_direction=&#8220;left_to_right&#8220; overlay_strength=&#8220;0.3&#8243; width=&#8220;1\/4&#8243; tablet_width_inherit=&#8220;default&#8220; tablet_text_alignment=&#8220;default&#8220; phone_text_alignment=&#8220;default&#8220; animation_type=&#8220;default&#8220; bg_image_animation=&#8220;none&#8220; border_type=&#8220;simple&#8220; column_border_width=&#8220;none&#8220; column_border_style=&#8220;solid&#8220;][image_with_animation image_url=&#8220;768&#8243; image_size=&#8220;full&#8220; animation_type=&#8220;entrance&#8220; animation=&#8220;Fade In&#8220; hover_animation=&#8220;none&#8220; alignment=&#8220;&#8220; border_radius=&#8220;none&#8220; box_shadow=&#8220;none&#8220;&#8230;<\/p>\n","protected":false},"author":1,"featured_media":1547,"comment_status":"closed","ping_status":"closed","sticky":false,"template":"","format":"standard","meta":{"footnotes":""},"categories":[38],"tags":[],"class_list":{"0":"post-2005","1":"post","2":"type-post","3":"status-publish","4":"format-standard","5":"has-post-thumbnail","7":"category-vylety-na-motorce"},"publishpress_future_action":{"enabled":false,"date":"2026-05-06 08:24:31","action":"change-status","newStatus":"draft","terms":[],"taxonomy":"category","extraData":[]},"publishpress_future_workflow_manual_trigger":{"enabledWorkflows":[]},"_links":{"self":[{"href":"https:\/\/piramidihotel.it\/cs\/wp-json\/wp\/v2\/posts\/2005","targetHints":{"allow":["GET"]}}],"collection":[{"href":"https:\/\/piramidihotel.it\/cs\/wp-json\/wp\/v2\/posts"}],"about":[{"href":"https:\/\/piramidihotel.it\/cs\/wp-json\/wp\/v2\/types\/post"}],"author":[{"embeddable":true,"href":"https:\/\/piramidihotel.it\/cs\/wp-json\/wp\/v2\/users\/1"}],"replies":[{"embeddable":true,"href":"https:\/\/piramidihotel.it\/cs\/wp-json\/wp\/v2\/comments?post=2005"}],"version-history":[{"count":2,"href":"https:\/\/piramidihotel.it\/cs\/wp-json\/wp\/v2\/posts\/2005\/revisions"}],"predecessor-version":[{"id":2016,"href":"https:\/\/piramidihotel.it\/cs\/wp-json\/wp\/v2\/posts\/2005\/revisions\/2016"}],"wp:featuredmedia":[{"embeddable":true,"href":"https:\/\/piramidihotel.it\/cs\/wp-json\/wp\/v2\/media\/1547"}],"wp:attachment":[{"href":"https:\/\/piramidihotel.it\/cs\/wp-json\/wp\/v2\/media?parent=2005"}],"wp:term":[{"taxonomy":"category","embeddable":true,"href":"https:\/\/piramidihotel.it\/cs\/wp-json\/wp\/v2\/categories?post=2005"},{"taxonomy":"post_tag","embeddable":true,"href":"https:\/\/piramidihotel.it\/cs\/wp-json\/wp\/v2\/tags?post=2005"}],"curies":[{"name":"wp","href":"https:\/\/api.w.org\/{rel}","templated":true}]}}