{"id":1981,"date":"2022-03-12T15:51:02","date_gmt":"2022-03-12T15:51:02","guid":{"rendered":"https:\/\/piramidihotel.it\/itinerario-dal-passo-del-brennero-alla-val-di-non\/"},"modified":"2022-06-10T18:49:48","modified_gmt":"2022-06-10T18:49:48","slug":"itinerar-z-brennerskeho-prusmyku-do-udoli-non","status":"publish","type":"post","link":"https:\/\/piramidihotel.it\/cs\/itinerar-z-brennerskeho-prusmyku-do-udoli-non\/","title":{"rendered":"Itiner\u00e1\u0159 &#8222;z Brennersk\u00e9ho pr\u016fsmyku do \u00fadol\u00ed Non"},"content":{"rendered":"[vc_row type=&#8220;in_container&#8220; full_screen_row_position=&#8220;middle&#8220; column_margin=&#8220;default&#8220; column_direction=&#8220;default&#8220; column_direction_tablet=&#8220;default&#8220; column_direction_phone=&#8220;default&#8220; scene_position=&#8220;center&#8220; text_color=&#8220;dark&#8220; text_align=&#8220;left&#8220; row_border_radius=&#8220;none&#8220; row_border_radius_applies=&#8220;bg&#8220; overflow=&#8220;visible&#8220; overlay_strength=&#8220;0.3&#8243; gradient_direction=&#8220;left_to_right&#8220; shape_divider_position=&#8220;bottom&#8220; bg_image_animation=&#8220;none&#8220;][vc_column column_padding=&#8220;no-extra-padding&#8220; column_padding_tablet=&#8220;inherit&#8220; column_padding_phone=&#8220;inherit&#8220; column_padding_position=&#8220;all&#8220; column_element_spacing=&#8220;default&#8220; background_color_opacity=&#8220;1&#8243; background_hover_color_opacity=&#8220;1&#8243; column_shadow=&#8220;none&#8220; column_border_radius=&#8220;none&#8220; column_link_target=&#8220;_self&#8220; column_position=&#8220;default&#8220; gradient_direction=&#8220;left_to_right&#8220; overlay_strength=&#8220;0.3&#8243; width=&#8220;1\/4&#8243; tablet_width_inherit=&#8220;default&#8220; tablet_text_alignment=&#8220;default&#8220; phone_text_alignment=&#8220;default&#8220; animation_type=&#8220;default&#8220; bg_image_animation=&#8220;none&#8220; border_type=&#8220;simple&#8220; column_border_width=&#8220;none&#8220; column_border_style=&#8220;solid&#8220;][image_with_animation image_url=&#8220;775&#8243; image_size=&#8220;full&#8220; animation_type=&#8220;entrance&#8220; animation=&#8220;Fade In&#8220; hover_animation=&#8220;none&#8220; alignment=&#8220;&#8220; border_radius=&#8220;none&#8220; box_shadow=&#8220;none&#8220; image_loading=&#8220;default&#8220; max_width=&#8220;100%&#8220; max_width_mobile=&#8220;default&#8220;][vc_column_text]<a href=\"https:\/\/piramidihotel.it\/wp-content\/uploads\/2022\/03\/Cartina-4.pdf\" class=\"mtli_attachment mtli_pdf\">Cartina<\/a>[\/vc_column_text][\/vc_column][vc_column column_padding=&#8220;no-extra-padding&#8220; column_padding_tablet=&#8220;inherit&#8220; column_padding_phone=&#8220;inherit&#8220; column_padding_position=&#8220;all&#8220; column_element_spacing=&#8220;default&#8220; background_color_opacity=&#8220;1&#8243; background_hover_color_opacity=&#8220;1&#8243; column_shadow=&#8220;none&#8220; column_border_radius=&#8220;none&#8220; column_link_target=&#8220;_self&#8220; column_position=&#8220;default&#8220; gradient_direction=&#8220;left_to_right&#8220; overlay_strength=&#8220;0.3&#8243; width=&#8220;3\/4&#8243; tablet_width_inherit=&#8220;default&#8220; tablet_text_alignment=&#8220;default&#8220; phone_text_alignment=&#8220;default&#8220; animation_type=&#8220;default&#8220; bg_image_animation=&#8220;none&#8220; border_type=&#8220;simple&#8220; column_border_width=&#8220;none&#8220; column_border_style=&#8220;solid&#8220;][split_line_heading animation_type=&#8220;line-reveal-by-space&#8220; font_style=&#8220;h2&#8243; line_reveal_by_space_text_effect=&#8220;default&#8220; content_alignment=&#8220;default&#8220; mobile_content_alignment=&#8220;inherit&#8220; link_target=&#8220;_self&#8220; text_content=&#8220;Itiner\u00e1\u0159 &#8222;z Brennersk\u00e9ho pr\u016fsmyku do \u00fadol\u00ed Non&#8220;][\/split_line_heading][divider line_type=&#8220;No Line&#8220; custom_height=&#8220;3vh&#8220;][vc_column_text]Celkov\u00e1 d\u00e9lka: 250 kilometr\u016f<\/p>\n<p>Trasa za\u010d\u00edn\u00e1 v Brennersk\u00e9m pr\u016fsmyku a po pr\u016fjezdu Terme del Brennero vede m\u00edrn\u00fdm kles\u00e1n\u00edm do Colle Isarco\/Gossensass, v\u00fdznamn\u00e9ho letoviska pro letn\u00ed dovolenou a zimn\u00ed sporty, kter\u00e9 se nach\u00e1z\u00ed v \u00fast\u00ed \u00fadol\u00ed Val di Fleres a je obklopeno borovicov\u00fdmi lesy; d\u00e1le vede do kr\u00e1sn\u00e9ho m\u011bsta Vipiteno\/Sterzing,<\/p>\n<p>s nezam\u011bniteln\u00fdm stylem p\u0159ipom\u00ednaj\u00edc\u00edm habsburskou vl\u00e1du. V\u00e1noce jsou bezpochyby nejkouzeln\u011bj\u0161\u00edm obdob\u00edm pro n\u00e1v\u0161t\u011bvu ulic centra, p\u011b\u0161\u00ed t\u0159\u00eddy s mitteleuropsk\u00fdm \u0161armem a proslul\u00fdch trh\u016f. Kouzlo tohoto m\u011bsta se v\u0161ak neomezuje pouze na toto ro\u010dn\u00ed obdob\u00ed. Muzea, Hornick\u00e9 muzeum a Multscher, stejn\u011b jako farn\u00ed kostel postaven\u00fd v 15. stolet\u00ed, kostel Svat\u00e9ho Ducha a st\u0159edov\u011bk\u00fd \u0161pit\u00e1l jsou pro turisty fascinuj\u00edc\u00ed atrakc\u00ed. Krom\u011b toho se m\u016f\u017eete rozhodnout pro v\u00fdlety do okol\u00ed m\u011bsta, na barokn\u00ed z\u00e1mek Mareta\/Mareit, jedin\u00fd sv\u00e9ho druhu v Ji\u017en\u00edm Tyrolsku, nebo do \u00fadol\u00ed Val Racines\/Ratschingstal, kde m\u016f\u017eete obdivovat vodop\u00e1dy Stanga\/Stange, kter\u00e9 potok Racines vytv\u00e1\u0159\u00ed v \u00fazk\u00e9 skaln\u00ed sout\u011bsce. Nedaleko se nach\u00e1z\u00ed tak\u00e9 d\u016fl Monteneve, kde se a\u017e do roku 1979 t\u011b\u017eila lo\u017eiska zinku a olova.<\/p>\n<p>P\u0159i n\u00e1vratu sm\u011brem na Sterzing pokra\u010dujte po st\u00e1tn\u00ed silnici k pr\u016fsmyku Pennes\/Penser Joch. Na tomto \u00faseku a\u017e k pr\u016fsmyku m\u016f\u017ee b\u00fdt j\u00edzda vzhledem ke klikatosti trasy velmi z\u00e1bavn\u00e1. Z pr\u016fsmyku je n\u00e1dhern\u00fd v\u00fdhled na Breonsk\u00e9 Alpy. Charakteristick\u00e1 pyramida Sugarloaf, Cima Libera, Parete Bianca, Tribulaun, Croda Alta a Gran Pilastro se na trase objevuj\u00ed v cel\u00e9 sv\u00e9 kr\u00e1se a majest\u00e1tnosti.[\/vc_column_text][\/vc_column][\/vc_row][vc_row type=&#8220;full_width_content&#8220; full_screen_row_position=&#8220;middle&#8220; column_margin=&#8220;default&#8220; equal_height=&#8220;yes&#8220; column_direction=&#8220;default&#8220; column_direction_tablet=&#8220;default&#8220; column_direction_phone=&#8220;default&#8220; scene_position=&#8220;center&#8220; top_padding=&#8220;5%&#8220; constrain_group_1=&#8220;yes&#8220; bottom_padding=&#8220;5%&#8220; constrain_group_2=&#8220;yes&#8220; text_color=&#8220;dark&#8220; text_align=&#8220;left&#8220; row_border_radius=&#8220;none&#8220; row_border_radius_applies=&#8220;bg&#8220; overflow=&#8220;visible&#8220; advanced_gradient_angle=&#8220;0&#8243; overlay_strength=&#8220;0.3&#8243; gradient_direction=&#8220;left_to_right&#8220; shape_divider_position=&#8220;bottom&#8220; bg_image_animation=&#8220;none&#8220; gradient_type=&#8220;default&#8220; shape_type=&#8220;&#8220;][vc_column column_padding=&#8220;no-extra-padding&#8220; column_padding_tablet=&#8220;inherit&#8220; column_padding_phone=&#8220;inherit&#8220; column_padding_position=&#8220;all&#8220; column_element_spacing=&#8220;default&#8220; background_color_opacity=&#8220;1&#8243; background_hover_color_opacity=&#8220;1&#8243; column_shadow=&#8220;none&#8220; column_border_radius=&#8220;none&#8220; column_link_target=&#8220;_self&#8220; column_position=&#8220;default&#8220; gradient_direction=&#8220;left_to_right&#8220; overlay_strength=&#8220;0.3&#8243; width=&#8220;1\/1&#8243; tablet_width_inherit=&#8220;default&#8220; tablet_text_alignment=&#8220;default&#8220; phone_text_alignment=&#8220;default&#8220; animation_type=&#8220;default&#8220; bg_image_animation=&#8220;none&#8220; border_type=&#8220;simple&#8220; column_border_width=&#8220;none&#8220; column_border_style=&#8220;solid&#8220;][vc_gallery type=&#8220;image_grid&#8220; images=&#8220;772,773,774&#8243; image_grid_loading=&#8220;default&#8220; layout=&#8220;3&#8243; item_spacing=&#8220;default&#8220; gallery_style=&#8220;7&#8243; load_in_animation=&#8220;fade_in_from_bottom&#8220; img_size=&#8220;large&#8220;][\/vc_column][\/vc_row][vc_row type=&#8220;in_container&#8220; full_screen_row_position=&#8220;middle&#8220; column_margin=&#8220;default&#8220; column_direction=&#8220;default&#8220; column_direction_tablet=&#8220;default&#8220; column_direction_phone=&#8220;default&#8220; scene_position=&#8220;center&#8220; text_color=&#8220;dark&#8220; text_align=&#8220;left&#8220; row_border_radius=&#8220;none&#8220; row_border_radius_applies=&#8220;bg&#8220; overflow=&#8220;visible&#8220; overlay_strength=&#8220;0.3&#8243; gradient_direction=&#8220;left_to_right&#8220; shape_divider_position=&#8220;bottom&#8220; bg_image_animation=&#8220;none&#8220;][vc_column column_padding=&#8220;no-extra-padding&#8220; column_padding_tablet=&#8220;inherit&#8220; column_padding_phone=&#8220;inherit&#8220; column_padding_position=&#8220;all&#8220; column_element_spacing=&#8220;default&#8220; background_color_opacity=&#8220;1&#8243; background_hover_color_opacity=&#8220;1&#8243; column_shadow=&#8220;none&#8220; column_border_radius=&#8220;none&#8220; column_link_target=&#8220;_self&#8220; column_position=&#8220;default&#8220; gradient_direction=&#8220;left_to_right&#8220; overlay_strength=&#8220;0.3&#8243; width=&#8220;1\/1&#8243; tablet_width_inherit=&#8220;default&#8220; tablet_text_alignment=&#8220;default&#8220; phone_text_alignment=&#8220;default&#8220; animation_type=&#8220;default&#8220; bg_image_animation=&#8220;none&#8220; border_type=&#8220;simple&#8220; column_border_width=&#8220;none&#8220; column_border_style=&#8220;solid&#8220;][vc_column_text]Odtud kles\u00e1 a v \u00fast\u00ed \u00fadol\u00ed Val di Pennes\/Penser Tal za\u010d\u00edn\u00e1 \u00fadol\u00ed Sarentina\/Sarntal.<br \/>\nNa tomto m\u00edst\u011b trasy je mo\u017en\u00e9 ud\u011blat dal\u0161\u00ed malou odbo\u010dku do Valdurna\/Durnholz, mal\u00e9 vesnice na b\u0159ehu jezera, nedot\u010den\u00e9 \u010dasem, jej\u00ed\u017e bohat\u011b freskami zdoben\u00fd farn\u00ed kostel poch\u00e1z\u00ed z 15. stolet\u00ed.<br \/>\nNedaleko se nach\u00e1z\u00ed tak\u00e9 vesnice St. Martin\/Reinswald, jej\u00ed\u017e m\u00edstn\u00ed \u0159emesla sahaj\u00ed od zpracov\u00e1n\u00ed k\u016f\u017ee a\u017e po destilaci bylinn\u00fdch lik\u00e9r\u016f.<br \/>\nPo n\u00e1vratu na hlavn\u00ed silnici p\u0159ijedete do Sarentina\/Sarntheinu, p\u016fvabn\u00e9 vesni\u010dky v jihotyrolsk\u00e9m stylu s charakteristick\u00fdmi uli\u010dkami, kde najdete v\u00fdborn\u00fd speck.<\/p>\n<p>Cestou do Bolzana se do oblasti Renon\/Ritten dostanete po klikat\u00e9 silnici vedouc\u00ed po strm\u00e9 stran\u011b \u00fadol\u00ed. \u00dadol\u00ed Renon je zn\u00e1m\u00e9 d\u00edky vesni\u010dce Collalbo\/Klobenstein a \u010cervenozemn\u00edm pyramid\u00e1m, neuv\u011b\u0159iteln\u00fdm vrchol\u016fm, kter\u00e9 jsou skute\u010dn\u00fdm geologick\u00fdm z\u00e1zrakem. V Collalbu stoj\u00ed za n\u00e1v\u0161t\u011bvu kostel Sant&#8217;Antonio ze 17. stolet\u00ed, v n\u011bm\u017e se nach\u00e1z\u00ed n\u011bkolik pozoruhodn\u00fdch maleb. Z Collalba se pak vydejte sm\u011brem na Longostagno\/Lengstein, abyste se dostali k Zemn\u00edm pyramid\u00e1m\/Erdpyramiden, kter\u00e9 jsou skute\u010dnou atrakc\u00ed t\u00e9to oblasti. K vrcholk\u016fm se dostanete p\u011b\u0161ky asi za 10 minut.<\/p>\n<p>Po n\u00e1vratu do sedla vede cesta do Bolzana\/Bozenu p\u0159es m\u011bste\u010dko Auna di Sotto\/Unterinn do vina\u0159sk\u00e9 oblasti, kde mohou zku\u0161en\u011bj\u0161\u00ed motocyklist\u00e9 uplatnit sv\u00e9 jezdeck\u00e9 schopnosti. N\u011bkolik kilometr\u016f od hlavn\u00edho m\u011bsta, kter\u00e9 rozhodn\u011b stoj\u00ed za d\u016fkladnou n\u00e1v\u0161t\u011bvu, vstoup\u00edte do takzvan\u00e9 jihotyrolsk\u00e9 zahrady.<br \/>\nV ji\u017en\u00ed \u010d\u00e1sti Ji\u017en\u00edho Tyrolska se o v\u0161ech d\u016fle\u017eit\u00fdch ot\u00e1zk\u00e1ch diskutuje u skleni\u010dky. Tak tomu bylo v Goethov\u011b dob\u011b, pak v 60. letech 20. stolet\u00ed, kdy byla vybudov\u00e1na Vina\u0159sk\u00e1 stezka, a tak je tomu i dnes. Sklepov\u00e1n\u00ed se rozhodn\u011b nedoporu\u010duje, ale n\u00e1kup n\u011bkolika vynikaj\u00edc\u00edch lahv\u00ed se pozd\u011bji vyplat\u00ed.<\/p>\n<p>V\u0161echny lokality v t\u00e9to oblasti se nach\u00e1zej\u00ed bl\u00edzko sebe a vyzna\u010duj\u00ed se zem\u011bd\u011blskou kulturou zam\u011b\u0159enou p\u0159edev\u0161\u00edm na p\u011bstov\u00e1n\u00ed vinn\u00e9 r\u00e9vy: Appiano\/Eppan je mezi nimi \u017eivotn\u011b d\u016fle\u017eit\u00fdm centrem a o\u00e1zou klidu uprost\u0159ed zelen\u00e9 p\u0159\u00edrody a svah\u016f bohat\u00fdch na cenn\u00e9 vinice a m\u00edstem, kde se vyplat\u00ed pob\u00fdvat zejm\u00e9na na podzim. Zaj\u00edmav\u00e1 odbo\u010dka vede do Caldaro\/Kaltern, dal\u0161\u00edho v\u00fdznamn\u00e9ho vina\u0159sk\u00e9ho centra, a ke stejnojmenn\u00e9mu jezeru. Pokra\u010dujeme do kopce, odkud se n\u00e1m nask\u00fdt\u00e1 n\u00e1dhern\u00fd v\u00fdhled na \u00fadol\u00ed Adi\u017ee a z\u00e1padn\u00ed Dolomity, a po n\u011bkolika ostr\u00fdch zat\u00e1\u010dk\u00e1ch p\u0159ej\u00ed\u017ed\u00edme pr\u016fsmyk Mendola\/Mendel, zalesn\u011bn\u00e9 sedlo mezi horami Ro\u00e8n a P\u00e9negal, kter\u00e9 vede do \u00fadol\u00ed Alta Val di Non.<\/p>\n<p>\u00dadol\u00ed Valle di Non je proslul\u00e9 sv\u00fdmi vysokohorsk\u00fdmi jablky, ale n\u00e1v\u0161t\u011bvn\u00edk\u016fm nab\u00edz\u00ed mnohem v\u00edc: velkolepou krajinu s lesy, loukami, vesnicemi a vrcholy. Z Mendoly se vydejte po hlavn\u00ed silnici do Cavarena, kde m\u016f\u017eete odbo\u010dit doprava a vychutnat si kr\u00e1snou n\u00e1horn\u00ed plo\u0161inu Fondo nebo odbo\u010dit doleva k jezeru Santa Giustina.<\/p>\n<p>P\u0159ed p\u0159\u00edjezdem k jezeru doporu\u010dujeme nav\u0161t\u00edvit slavnou svatyni San Romedio.\u00a0 Svatyn\u011b se nach\u00e1z\u00ed v Sanzenu v \u00fadol\u00ed Val di Non v Trentinu, uprost\u0159ed p\u0159\u00edrody, na kouzeln\u00e9m m\u00edst\u011b, kter\u00e9 je jedn\u00edm z nejpoutav\u011bj\u0161\u00edch v Alp\u00e1ch. A\u017e doraz\u00edte na n\u00e1m\u011bst\u00ed, odbo\u010dte vlevo na \u00fazkou asfaltovou silnici, kter\u00e1 v\u00e1s po 3 km dovede na parkovi\u0161t\u011b u svatyn\u011b. Svatyn\u011b stoj\u00ed na 90 metr\u016f vysok\u00e9 sk\u00e1le a skl\u00e1d\u00e1 se z n\u011bkolika kostel\u016f a kapl\u00ed, kter\u00e9 kop\u00edruj\u00ed tvar sk\u00e1ly a jsou propojeny strm\u00fdm schodi\u0161t\u011bm o 131 schodech. Budovy, kter\u00e9 tvo\u0159\u00ed svatyni, jsou r\u016fzn\u00e9ho st\u00e1\u0159\u00ed; nejstar\u0161\u00ed stavba, postaven\u00e1 kolem hrobky poustevn\u00edka Romedia, poch\u00e1z\u00ed z doby kolem roku 1000.[\/vc_column_text][\/vc_column][\/vc_row]\n","protected":false},"excerpt":{"rendered":"<p>[vc_row type=&#8220;in_container&#8220; full_screen_row_position=&#8220;middle&#8220; column_margin=&#8220;default&#8220; column_direction=&#8220;default&#8220; column_direction_tablet=&#8220;default&#8220; column_direction_phone=&#8220;default&#8220; scene_position=&#8220;center&#8220; text_color=&#8220;dark&#8220; text_align=&#8220;left&#8220; row_border_radius=&#8220;none&#8220; row_border_radius_applies=&#8220;bg&#8220; overflow=&#8220;visible&#8220; overlay_strength=&#8220;0.3&#8243; gradient_direction=&#8220;left_to_right&#8220; shape_divider_position=&#8220;bottom&#8220; bg_image_animation=&#8220;none&#8220;][vc_column column_padding=&#8220;no-extra-padding&#8220; column_padding_tablet=&#8220;inherit&#8220; column_padding_phone=&#8220;inherit&#8220; column_padding_position=&#8220;all&#8220; column_element_spacing=&#8220;default&#8220; background_color_opacity=&#8220;1&#8243; background_hover_color_opacity=&#8220;1&#8243; column_shadow=&#8220;none&#8220; column_border_radius=&#8220;none&#8220; column_link_target=&#8220;_self&#8220; column_position=&#8220;default&#8220; gradient_direction=&#8220;left_to_right&#8220; overlay_strength=&#8220;0.3&#8243; width=&#8220;1\/4&#8243; tablet_width_inherit=&#8220;default&#8220; tablet_text_alignment=&#8220;default&#8220; phone_text_alignment=&#8220;default&#8220; animation_type=&#8220;default&#8220; bg_image_animation=&#8220;none&#8220; border_type=&#8220;simple&#8220; column_border_width=&#8220;none&#8220; column_border_style=&#8220;solid&#8220;][image_with_animation image_url=&#8220;775&#8243; image_size=&#8220;full&#8220; animation_type=&#8220;entrance&#8220; animation=&#8220;Fade In&#8220; hover_animation=&#8220;none&#8220; alignment=&#8220;&#8220; border_radius=&#8220;none&#8220; box_shadow=&#8220;none&#8220;&#8230;<\/p>\n","protected":false},"author":1,"featured_media":1587,"comment_status":"closed","ping_status":"closed","sticky":false,"template":"","format":"standard","meta":{"footnotes":""},"categories":[15],"tags":[],"class_list":{"0":"post-1981","1":"post","2":"type-post","3":"status-publish","4":"format-standard","5":"has-post-thumbnail","7":"category-uncategorized-cs"},"publishpress_future_action":{"enabled":false,"date":"2026-05-04 12:11:52","action":"change-status","newStatus":"draft","terms":[],"taxonomy":"category","extraData":[]},"publishpress_future_workflow_manual_trigger":{"enabledWorkflows":[]},"_links":{"self":[{"href":"https:\/\/piramidihotel.it\/cs\/wp-json\/wp\/v2\/posts\/1981","targetHints":{"allow":["GET"]}}],"collection":[{"href":"https:\/\/piramidihotel.it\/cs\/wp-json\/wp\/v2\/posts"}],"about":[{"href":"https:\/\/piramidihotel.it\/cs\/wp-json\/wp\/v2\/types\/post"}],"author":[{"embeddable":true,"href":"https:\/\/piramidihotel.it\/cs\/wp-json\/wp\/v2\/users\/1"}],"replies":[{"embeddable":true,"href":"https:\/\/piramidihotel.it\/cs\/wp-json\/wp\/v2\/comments?post=1981"}],"version-history":[{"count":2,"href":"https:\/\/piramidihotel.it\/cs\/wp-json\/wp\/v2\/posts\/1981\/revisions"}],"predecessor-version":[{"id":1986,"href":"https:\/\/piramidihotel.it\/cs\/wp-json\/wp\/v2\/posts\/1981\/revisions\/1986"}],"wp:featuredmedia":[{"embeddable":true,"href":"https:\/\/piramidihotel.it\/cs\/wp-json\/wp\/v2\/media\/1587"}],"wp:attachment":[{"href":"https:\/\/piramidihotel.it\/cs\/wp-json\/wp\/v2\/media?parent=1981"}],"wp:term":[{"taxonomy":"category","embeddable":true,"href":"https:\/\/piramidihotel.it\/cs\/wp-json\/wp\/v2\/categories?post=1981"},{"taxonomy":"post_tag","embeddable":true,"href":"https:\/\/piramidihotel.it\/cs\/wp-json\/wp\/v2\/tags?post=1981"}],"curies":[{"name":"wp","href":"https:\/\/api.w.org\/{rel}","templated":true}]}}